{"id":4228,"date":"2024-05-20T21:22:00","date_gmt":"2024-05-20T21:22:00","guid":{"rendered":"https:\/\/www.bashkiakurbin.gov.al\/?p=4228"},"modified":"2024-05-20T21:22:00","modified_gmt":"2024-05-20T21:22:00","slug":"barcelone-me-drejtuesen-e-shoqata-per-autonomi-vendore-adelina-farrici","status":"publish","type":"post","link":"https:\/\/www.bashkiakurbin.gov.al\/?p=4228","title":{"rendered":"Barcelon\u00eb- Me drejtuesen e Shoqata p\u00ebr Autonomi Vendore, Adelina Farrici"},"content":{"rendered":"\n<p>Barcelon\u00eb<img loading=\"lazy\" decoding=\"async\" height=\"16\" width=\"16\" alt=\"\ud83c\uddea\ud83c\uddf8\" src=\"https:\/\/static.xx.fbcdn.net\/images\/emoji.php\/v9\/t34\/1\/16\/1f1ea_1f1f8.png\">&#8211; Me drejtuesen e <a href=\"https:\/\/www.facebook.com\/shoqataperautonomivendore?__cft__[0]=AZVODZXuBzOh-6b1kj6khDDy1oZpCmQgVx4A8LsmxigJTEm_oPV2c8-Cql59rd_Jjcn0kx9uPR035Pc3KWQFmHJtAeV0yjm-Zbux82vspOrd9v8fpeGJVJFSQvcl7nOFLjPXcXDCJDWEPsXlI7Q496YuHe2f1cZ_Iox34RGD2cjZV54Xe3WWSYVDPMvLhej7C2Vf_gbkmrx0m11cEIJwf6rV&amp;__tn__=-]K-R\">Shoqata p\u00ebr Autonomi Vendore<\/a>, <a href=\"https:\/\/www.facebook.com\/adelinafarriciofficial?__cft__[0]=AZVODZXuBzOh-6b1kj6khDDy1oZpCmQgVx4A8LsmxigJTEm_oPV2c8-Cql59rd_Jjcn0kx9uPR035Pc3KWQFmHJtAeV0yjm-Zbux82vspOrd9v8fpeGJVJFSQvcl7nOFLjPXcXDCJDWEPsXlI7Q496YuHe2f1cZ_Iox34RGD2cjZV54Xe3WWSYVDPMvLhej7C2Vf_gbkmrx0m11cEIJwf6rV&amp;__tn__=-]K-R\">Adelina Farrici<\/a> dhe koleg\u00eb kryebashkiak\u00eb n\u00eb Asamblen\u00eb e P\u00ebrgjithshme t\u00eb ALDA-s<img loading=\"lazy\" decoding=\"async\" height=\"16\" width=\"16\" alt=\"\ud83c\udde6\ud83c\uddf1\" src=\"https:\/\/static.xx.fbcdn.net\/images\/emoji.php\/v9\/t42\/1\/16\/1f1e6_1f1f1.png\"><img loading=\"lazy\" decoding=\"async\" height=\"16\" width=\"16\" alt=\"\ud83c\uddea\ud83c\uddfa\" src=\"https:\/\/static.xx.fbcdn.net\/images\/emoji.php\/v9\/tdd\/1\/16\/1f1ea_1f1fa.png\"><\/p>\n\n\n\n<p>\u00c7\u00ebshtjet kryesore q\u00eb po trajtohen n\u00eb k\u00ebt\u00eb Asamble p\u00ebrfshijn\u00eb angazhimin qytetar, migracionin, barazin\u00eb gjinore dhe t\u00eb drejtat e njeriut, zhvillimin ekonomik si dhe dixhitalizimin e sh\u00ebrbimeve.<\/p>\n\n\n\n<figure class=\"wp-block-gallery has-nested-images columns-default is-cropped wp-block-gallery-1 is-layout-flex wp-block-gallery-is-layout-flex\">\n<figure class=\"wp-block-image size-large\"><img loading=\"lazy\" decoding=\"async\" width=\"1024\" height=\"543\" data-id=\"4229\" src=\"https:\/\/www.bashkiakurbin.gov.al\/wp-content\/uploads\/2024\/05\/435924821_924423239699494_9028740681374666604_n-1024x543.jpg\" alt=\"\" class=\"wp-image-4229\" srcset=\"https:\/\/www.bashkiakurbin.gov.al\/wp-content\/uploads\/2024\/05\/435924821_924423239699494_9028740681374666604_n-1024x543.jpg 1024w, https:\/\/www.bashkiakurbin.gov.al\/wp-content\/uploads\/2024\/05\/435924821_924423239699494_9028740681374666604_n-300x159.jpg 300w, https:\/\/www.bashkiakurbin.gov.al\/wp-content\/uploads\/2024\/05\/435924821_924423239699494_9028740681374666604_n-768x407.jpg 768w, https:\/\/www.bashkiakurbin.gov.al\/wp-content\/uploads\/2024\/05\/435924821_924423239699494_9028740681374666604_n-1536x815.jpg 1536w, https:\/\/www.bashkiakurbin.gov.al\/wp-content\/uploads\/2024\/05\/435924821_924423239699494_9028740681374666604_n.jpg 2048w\" sizes=\"auto, (max-width: 1024px) 100vw, 1024px\" \/><\/figure>\n\n\n\n<figure class=\"wp-block-image size-large\"><img loading=\"lazy\" decoding=\"async\" width=\"1024\" height=\"768\" data-id=\"4230\" src=\"https:\/\/www.bashkiakurbin.gov.al\/wp-content\/uploads\/2024\/05\/436253409_924423229699495_2380266393032938602_n-1024x768.jpg\" alt=\"\" class=\"wp-image-4230\" srcset=\"https:\/\/www.bashkiakurbin.gov.al\/wp-content\/uploads\/2024\/05\/436253409_924423229699495_2380266393032938602_n-1024x768.jpg 1024w, https:\/\/www.bashkiakurbin.gov.al\/wp-content\/uploads\/2024\/05\/436253409_924423229699495_2380266393032938602_n-300x225.jpg 300w, https:\/\/www.bashkiakurbin.gov.al\/wp-content\/uploads\/2024\/05\/436253409_924423229699495_2380266393032938602_n-768x576.jpg 768w, https:\/\/www.bashkiakurbin.gov.al\/wp-content\/uploads\/2024\/05\/436253409_924423229699495_2380266393032938602_n-1536x1152.jpg 1536w, https:\/\/www.bashkiakurbin.gov.al\/wp-content\/uploads\/2024\/05\/436253409_924423229699495_2380266393032938602_n.jpg 1600w\" sizes=\"auto, (max-width: 1024px) 100vw, 1024px\" \/><\/figure>\n\n\n\n<figure class=\"wp-block-image size-large\"><img loading=\"lazy\" decoding=\"async\" width=\"768\" height=\"1024\" data-id=\"4231\" src=\"https:\/\/www.bashkiakurbin.gov.al\/wp-content\/uploads\/2024\/05\/436259753_924423283032823_1275245497124834528_n-768x1024.jpg\" alt=\"\" class=\"wp-image-4231\" srcset=\"https:\/\/www.bashkiakurbin.gov.al\/wp-content\/uploads\/2024\/05\/436259753_924423283032823_1275245497124834528_n-768x1024.jpg 768w, https:\/\/www.bashkiakurbin.gov.al\/wp-content\/uploads\/2024\/05\/436259753_924423283032823_1275245497124834528_n-225x300.jpg 225w, https:\/\/www.bashkiakurbin.gov.al\/wp-content\/uploads\/2024\/05\/436259753_924423283032823_1275245497124834528_n-1152x1536.jpg 1152w, https:\/\/www.bashkiakurbin.gov.al\/wp-content\/uploads\/2024\/05\/436259753_924423283032823_1275245497124834528_n.jpg 1200w\" sizes=\"auto, (max-width: 768px) 100vw, 768px\" \/><\/figure>\n\n\n\n<figure class=\"wp-block-image size-large\"><img loading=\"lazy\" decoding=\"async\" width=\"1024\" height=\"768\" data-id=\"4232\" src=\"https:\/\/www.bashkiakurbin.gov.al\/wp-content\/uploads\/2024\/05\/436313225_924423273032824_141581940170641616_n-1024x768.jpg\" alt=\"\" class=\"wp-image-4232\" srcset=\"https:\/\/www.bashkiakurbin.gov.al\/wp-content\/uploads\/2024\/05\/436313225_924423273032824_141581940170641616_n-1024x768.jpg 1024w, https:\/\/www.bashkiakurbin.gov.al\/wp-content\/uploads\/2024\/05\/436313225_924423273032824_141581940170641616_n-300x225.jpg 300w, https:\/\/www.bashkiakurbin.gov.al\/wp-content\/uploads\/2024\/05\/436313225_924423273032824_141581940170641616_n-768x576.jpg 768w, https:\/\/www.bashkiakurbin.gov.al\/wp-content\/uploads\/2024\/05\/436313225_924423273032824_141581940170641616_n-1536x1152.jpg 1536w, https:\/\/www.bashkiakurbin.gov.al\/wp-content\/uploads\/2024\/05\/436313225_924423273032824_141581940170641616_n.jpg 1600w\" sizes=\"auto, (max-width: 1024px) 100vw, 1024px\" \/><\/figure>\n<\/figure>\n","protected":false},"excerpt":{"rendered":"<p>Barcelon\u00eb&#8211; Me drejtuesen e Shoqata p\u00ebr Autonomi Vendore, Adelina Farrici dhe koleg\u00eb kryebashkiak\u00eb n\u00eb Asamblen\u00eb e P\u00ebrgjithshme t\u00eb ALDA-s \u00c7\u00ebshtjet kryesore q\u00eb po trajtohen n\u00eb k\u00ebt\u00eb Asamble p\u00ebrfshijn\u00eb angazhimin qytetar, migracionin, barazin\u00eb gjinore dhe t\u00eb drejtat e njeriut, zhvillimin ekonomik si dhe dixhitalizimin e sh\u00ebrbimeve.<\/p>\n","protected":false},"author":1,"featured_media":4233,"comment_status":"open","ping_status":"open","sticky":false,"template":"","format":"standard","meta":{"footnotes":""},"categories":[158],"tags":[],"class_list":["post-4228","post","type-post","status-publish","format-standard","has-post-thumbnail","hentry","category-lajme-nga-kurbini"],"_links":{"self":[{"href":"https:\/\/www.bashkiakurbin.gov.al\/index.php?rest_route=\/wp\/v2\/posts\/4228","targetHints":{"allow":["GET"]}}],"collection":[{"href":"https:\/\/www.bashkiakurbin.gov.al\/index.php?rest_route=\/wp\/v2\/posts"}],"about":[{"href":"https:\/\/www.bashkiakurbin.gov.al\/index.php?rest_route=\/wp\/v2\/types\/post"}],"author":[{"embeddable":true,"href":"https:\/\/www.bashkiakurbin.gov.al\/index.php?rest_route=\/wp\/v2\/users\/1"}],"replies":[{"embeddable":true,"href":"https:\/\/www.bashkiakurbin.gov.al\/index.php?rest_route=%2Fwp%2Fv2%2Fcomments&post=4228"}],"version-history":[{"count":1,"href":"https:\/\/www.bashkiakurbin.gov.al\/index.php?rest_route=\/wp\/v2\/posts\/4228\/revisions"}],"predecessor-version":[{"id":4234,"href":"https:\/\/www.bashkiakurbin.gov.al\/index.php?rest_route=\/wp\/v2\/posts\/4228\/revisions\/4234"}],"wp:featuredmedia":[{"embeddable":true,"href":"https:\/\/www.bashkiakurbin.gov.al\/index.php?rest_route=\/wp\/v2\/media\/4233"}],"wp:attachment":[{"href":"https:\/\/www.bashkiakurbin.gov.al\/index.php?rest_route=%2Fwp%2Fv2%2Fmedia&parent=4228"}],"wp:term":[{"taxonomy":"category","embeddable":true,"href":"https:\/\/www.bashkiakurbin.gov.al\/index.php?rest_route=%2Fwp%2Fv2%2Fcategories&post=4228"},{"taxonomy":"post_tag","embeddable":true,"href":"https:\/\/www.bashkiakurbin.gov.al\/index.php?rest_route=%2Fwp%2Fv2%2Ftags&post=4228"}],"curies":[{"name":"wp","href":"https:\/\/api.w.org\/{rel}","templated":true}]}}