{"id":4001,"date":"2024-02-27T22:16:22","date_gmt":"2024-02-27T22:16:22","guid":{"rendered":"https:\/\/www.bashkiakurbin.gov.al\/?p=4001"},"modified":"2024-02-29T23:29:23","modified_gmt":"2024-02-29T23:29:23","slug":"ne-shtepine-e-evropesper-fillimin-e-projektit-bashkimi-evropian-per-kujdesin-social","status":"publish","type":"post","link":"https:\/\/www.bashkiakurbin.gov.al\/?p=4001","title":{"rendered":"N\u00eb Sht\u00ebpin\u00eb e Evrop\u00ebs p\u00ebr fillimin e projektit \u201cBashkimi Evropian p\u00ebr Kujdesin Social\u201d"},"content":{"rendered":"\n<p>N\u00eb Sht\u00ebpin\u00eb e Evrop\u00ebs<img loading=\"lazy\" decoding=\"async\" height=\"16\" width=\"16\" alt=\"\ud83c\udfe0\" src=\"https:\/\/static.xx.fbcdn.net\/images\/emoji.php\/v9\/t4f\/1.5\/16\/1f3e0.png\"><img loading=\"lazy\" decoding=\"async\" height=\"16\" width=\"16\" alt=\"\ud83c\uddea\ud83c\uddfa\" src=\"https:\/\/static.xx.fbcdn.net\/images\/emoji.php\/v9\/t76\/1.5\/16\/1f1ea_1f1fa.png\">p\u00ebr fillimin e projektit \u201cBashkimi Evropian p\u00ebr Kujdesin Social\u201d i cili financohet nga BE dhe zbatohet nga <a href=\"https:\/\/www.facebook.com\/unicefalbania?__cft__[0]=AZXYA-EeLbWZ9sZTdJiLunnlHuccT_rlRUqLeyrHYK5zFnwrF7RWBnwGSDauSBf1cBcXVDqF4Eu2XHsQxQyRlmFmYTXW35ZAYgOrby9QPyvzz6ga9T0nkmAmoGiib0V0Ynl8qDeGUDmd5GhU__OCcC5jNlT3JFjvQgUW5oJvFLrkWjiEmX3dUQRt5S2m0r0MOJ0&amp;__tn__=-]K-R\">UNICEF Albania<\/a> dhe <a href=\"https:\/\/www.facebook.com\/WVAlbania?__cft__[0]=AZXYA-EeLbWZ9sZTdJiLunnlHuccT_rlRUqLeyrHYK5zFnwrF7RWBnwGSDauSBf1cBcXVDqF4Eu2XHsQxQyRlmFmYTXW35ZAYgOrby9QPyvzz6ga9T0nkmAmoGiib0V0Ynl8qDeGUDmd5GhU__OCcC5jNlT3JFjvQgUW5oJvFLrkWjiEmX3dUQRt5S2m0r0MOJ0&amp;__tn__=-]K-R\">World Vision Albania<\/a>.<\/p>\n\n\n\n<p>K\u00ebnaq\u00ebsi t\u00eb isha pjes\u00eb e panelit dhe e diskutimeve me kolegun kryebashkiak t\u00eb Elbasanit, z. <a href=\"https:\/\/www.facebook.com\/llatja.gledian?__cft__[0]=AZXYA-EeLbWZ9sZTdJiLunnlHuccT_rlRUqLeyrHYK5zFnwrF7RWBnwGSDauSBf1cBcXVDqF4Eu2XHsQxQyRlmFmYTXW35ZAYgOrby9QPyvzz6ga9T0nkmAmoGiib0V0Ynl8qDeGUDmd5GhU__OCcC5jNlT3JFjvQgUW5oJvFLrkWjiEmX3dUQRt5S2m0r0MOJ0&amp;__tn__=-]K-R\">Gledian Llatja<\/a>, ministren znj. <a href=\"https:\/\/www.facebook.com\/profile.php?id=61550901522643&amp;__cft__[0]=AZXYA-EeLbWZ9sZTdJiLunnlHuccT_rlRUqLeyrHYK5zFnwrF7RWBnwGSDauSBf1cBcXVDqF4Eu2XHsQxQyRlmFmYTXW35ZAYgOrby9QPyvzz6ga9T0nkmAmoGiib0V0Ynl8qDeGUDmd5GhU__OCcC5jNlT3JFjvQgUW5oJvFLrkWjiEmX3dUQRt5S2m0r0MOJ0&amp;__tn__=-]K-R\">Albana Ko\u00e7iu<\/a>, ambasadorin e delegacionit t\u00eb BE<img loading=\"lazy\" decoding=\"async\" height=\"16\" width=\"16\" alt=\"\ud83c\uddea\ud83c\uddfa\" src=\"https:\/\/static.xx.fbcdn.net\/images\/emoji.php\/v9\/t76\/1.5\/16\/1f1ea_1f1fa.png\">n\u00eb vendin ton\u00eb, z. Silvio Gonzato, dhe p\u00ebrfaq\u00ebsuesin e UNICEF Albania, z. Murat Sahin.<\/p>\n\n\n\n<figure class=\"wp-block-gallery has-nested-images columns-default is-cropped wp-block-gallery-1 is-layout-flex wp-block-gallery-is-layout-flex\">\n<figure class=\"wp-block-image size-large\"><img loading=\"lazy\" decoding=\"async\" width=\"1024\" height=\"683\" data-id=\"4002\" src=\"https:\/\/www.bashkiakurbin.gov.al\/wp-content\/uploads\/2024\/02\/429900858_874582308016921_6953446319099567541_n-1024x683.jpg\" alt=\"\" class=\"wp-image-4002\" srcset=\"https:\/\/www.bashkiakurbin.gov.al\/wp-content\/uploads\/2024\/02\/429900858_874582308016921_6953446319099567541_n-1024x683.jpg 1024w, https:\/\/www.bashkiakurbin.gov.al\/wp-content\/uploads\/2024\/02\/429900858_874582308016921_6953446319099567541_n-300x200.jpg 300w, https:\/\/www.bashkiakurbin.gov.al\/wp-content\/uploads\/2024\/02\/429900858_874582308016921_6953446319099567541_n-768x513.jpg 768w, https:\/\/www.bashkiakurbin.gov.al\/wp-content\/uploads\/2024\/02\/429900858_874582308016921_6953446319099567541_n.jpg 1440w\" sizes=\"auto, (max-width: 1024px) 100vw, 1024px\" \/><\/figure>\n\n\n\n<figure class=\"wp-block-image size-large\"><img loading=\"lazy\" decoding=\"async\" width=\"1024\" height=\"683\" data-id=\"4003\" src=\"https:\/\/www.bashkiakurbin.gov.al\/wp-content\/uploads\/2024\/02\/429921591_874582328016919_1843878806151069112_n-1024x683.jpg\" alt=\"\" class=\"wp-image-4003\" srcset=\"https:\/\/www.bashkiakurbin.gov.al\/wp-content\/uploads\/2024\/02\/429921591_874582328016919_1843878806151069112_n-1024x683.jpg 1024w, https:\/\/www.bashkiakurbin.gov.al\/wp-content\/uploads\/2024\/02\/429921591_874582328016919_1843878806151069112_n-300x200.jpg 300w, https:\/\/www.bashkiakurbin.gov.al\/wp-content\/uploads\/2024\/02\/429921591_874582328016919_1843878806151069112_n-768x513.jpg 768w, https:\/\/www.bashkiakurbin.gov.al\/wp-content\/uploads\/2024\/02\/429921591_874582328016919_1843878806151069112_n.jpg 1440w\" sizes=\"auto, (max-width: 1024px) 100vw, 1024px\" \/><\/figure>\n\n\n\n<figure class=\"wp-block-image size-large\"><img loading=\"lazy\" decoding=\"async\" width=\"1024\" height=\"683\" data-id=\"4004\" src=\"https:\/\/www.bashkiakurbin.gov.al\/wp-content\/uploads\/2024\/02\/429946223_874582254683593_558632917532220557_n-1024x683.jpg\" alt=\"\" class=\"wp-image-4004\" srcset=\"https:\/\/www.bashkiakurbin.gov.al\/wp-content\/uploads\/2024\/02\/429946223_874582254683593_558632917532220557_n-1024x683.jpg 1024w, https:\/\/www.bashkiakurbin.gov.al\/wp-content\/uploads\/2024\/02\/429946223_874582254683593_558632917532220557_n-300x200.jpg 300w, https:\/\/www.bashkiakurbin.gov.al\/wp-content\/uploads\/2024\/02\/429946223_874582254683593_558632917532220557_n-768x512.jpg 768w, https:\/\/www.bashkiakurbin.gov.al\/wp-content\/uploads\/2024\/02\/429946223_874582254683593_558632917532220557_n-1536x1024.jpg 1536w, https:\/\/www.bashkiakurbin.gov.al\/wp-content\/uploads\/2024\/02\/429946223_874582254683593_558632917532220557_n.jpg 1600w\" sizes=\"auto, (max-width: 1024px) 100vw, 1024px\" \/><\/figure>\n\n\n\n<figure class=\"wp-block-image size-large\"><img loading=\"lazy\" decoding=\"async\" width=\"1024\" height=\"683\" data-id=\"4005\" src=\"https:\/\/www.bashkiakurbin.gov.al\/wp-content\/uploads\/2024\/02\/430016358_874582281350257_7643181432253522313_n-1024x683.jpg\" alt=\"\" class=\"wp-image-4005\" srcset=\"https:\/\/www.bashkiakurbin.gov.al\/wp-content\/uploads\/2024\/02\/430016358_874582281350257_7643181432253522313_n-1024x683.jpg 1024w, https:\/\/www.bashkiakurbin.gov.al\/wp-content\/uploads\/2024\/02\/430016358_874582281350257_7643181432253522313_n-300x200.jpg 300w, https:\/\/www.bashkiakurbin.gov.al\/wp-content\/uploads\/2024\/02\/430016358_874582281350257_7643181432253522313_n-768x512.jpg 768w, https:\/\/www.bashkiakurbin.gov.al\/wp-content\/uploads\/2024\/02\/430016358_874582281350257_7643181432253522313_n-1536x1024.jpg 1536w, https:\/\/www.bashkiakurbin.gov.al\/wp-content\/uploads\/2024\/02\/430016358_874582281350257_7643181432253522313_n.jpg 1600w\" sizes=\"auto, (max-width: 1024px) 100vw, 1024px\" \/><\/figure>\n\n\n\n<figure class=\"wp-block-image size-large\"><img loading=\"lazy\" decoding=\"async\" width=\"1024\" height=\"802\" data-id=\"4006\" src=\"https:\/\/www.bashkiakurbin.gov.al\/wp-content\/uploads\/2024\/02\/430720526_874582318016920_2498119727004593587_n-1024x802.jpg\" alt=\"\" class=\"wp-image-4006\" srcset=\"https:\/\/www.bashkiakurbin.gov.al\/wp-content\/uploads\/2024\/02\/430720526_874582318016920_2498119727004593587_n-1024x802.jpg 1024w, https:\/\/www.bashkiakurbin.gov.al\/wp-content\/uploads\/2024\/02\/430720526_874582318016920_2498119727004593587_n-300x235.jpg 300w, https:\/\/www.bashkiakurbin.gov.al\/wp-content\/uploads\/2024\/02\/430720526_874582318016920_2498119727004593587_n-768x602.jpg 768w, https:\/\/www.bashkiakurbin.gov.al\/wp-content\/uploads\/2024\/02\/430720526_874582318016920_2498119727004593587_n.jpg 1220w\" sizes=\"auto, (max-width: 1024px) 100vw, 1024px\" \/><\/figure>\n<\/figure>\n","protected":false},"excerpt":{"rendered":"<p>N\u00eb Sht\u00ebpin\u00eb e Evrop\u00ebsp\u00ebr fillimin e projektit \u201cBashkimi Evropian p\u00ebr Kujdesin Social\u201d i cili financohet nga BE dhe zbatohet nga UNICEF Albania dhe World Vision Albania. K\u00ebnaq\u00ebsi t\u00eb isha pjes\u00eb e panelit dhe e diskutimeve me kolegun kryebashkiak t\u00eb Elbasanit, z. Gledian Llatja, ministren znj. Albana Ko\u00e7iu, ambasadorin e delegacionit t\u00eb BEn\u00eb vendin ton\u00eb, z. [&hellip;]<\/p>\n","protected":false},"author":1,"featured_media":4007,"comment_status":"open","ping_status":"open","sticky":false,"template":"","format":"standard","meta":{"footnotes":""},"categories":[158],"tags":[],"class_list":["post-4001","post","type-post","status-publish","format-standard","has-post-thumbnail","hentry","category-lajme-nga-kurbini"],"_links":{"self":[{"href":"https:\/\/www.bashkiakurbin.gov.al\/index.php?rest_route=\/wp\/v2\/posts\/4001","targetHints":{"allow":["GET"]}}],"collection":[{"href":"https:\/\/www.bashkiakurbin.gov.al\/index.php?rest_route=\/wp\/v2\/posts"}],"about":[{"href":"https:\/\/www.bashkiakurbin.gov.al\/index.php?rest_route=\/wp\/v2\/types\/post"}],"author":[{"embeddable":true,"href":"https:\/\/www.bashkiakurbin.gov.al\/index.php?rest_route=\/wp\/v2\/users\/1"}],"replies":[{"embeddable":true,"href":"https:\/\/www.bashkiakurbin.gov.al\/index.php?rest_route=%2Fwp%2Fv2%2Fcomments&post=4001"}],"version-history":[{"count":2,"href":"https:\/\/www.bashkiakurbin.gov.al\/index.php?rest_route=\/wp\/v2\/posts\/4001\/revisions"}],"predecessor-version":[{"id":4028,"href":"https:\/\/www.bashkiakurbin.gov.al\/index.php?rest_route=\/wp\/v2\/posts\/4001\/revisions\/4028"}],"wp:featuredmedia":[{"embeddable":true,"href":"https:\/\/www.bashkiakurbin.gov.al\/index.php?rest_route=\/wp\/v2\/media\/4007"}],"wp:attachment":[{"href":"https:\/\/www.bashkiakurbin.gov.al\/index.php?rest_route=%2Fwp%2Fv2%2Fmedia&parent=4001"}],"wp:term":[{"taxonomy":"category","embeddable":true,"href":"https:\/\/www.bashkiakurbin.gov.al\/index.php?rest_route=%2Fwp%2Fv2%2Fcategories&post=4001"},{"taxonomy":"post_tag","embeddable":true,"href":"https:\/\/www.bashkiakurbin.gov.al\/index.php?rest_route=%2Fwp%2Fv2%2Ftags&post=4001"}],"curies":[{"name":"wp","href":"https:\/\/api.w.org\/{rel}","templated":true}]}}