{"id":3989,"date":"2024-02-24T17:52:16","date_gmt":"2024-02-24T17:52:16","guid":{"rendered":"https:\/\/www.bashkiakurbin.gov.al\/?p=3989"},"modified":"2024-02-24T17:52:16","modified_gmt":"2024-02-24T17:52:16","slug":"sot-gjate-nje-takimi-pune-me-drejtoreshen-e-zyres-usaid-albania","status":"publish","type":"post","link":"https:\/\/www.bashkiakurbin.gov.al\/?p=3989","title":{"rendered":"Sot, gjat\u00eb nj\u00eb takimi pune me drejtoresh\u00ebn e zyr\u00ebs USAID\/Albania"},"content":{"rendered":"\n<p>Sot, gjat\u00eb nj\u00eb takimi pune me drejtoresh\u00ebn e zyr\u00ebs <a href=\"https:\/\/www.facebook.com\/Albania.USAID?__cft__[0]=AZVG9edgTN5nqygaZMcdnX5hGFnfA450YLVJ951mU5omO1dYeDG3XeYlo927DrLx95TTELZmSmGQUfYqAg1b3D_4Jc9PezFF2uPVWUY5uLq-1qVPS1xv2i4CadZweJ2gRBsljQ5_SuH0miOtbh4Sj3cNnemBzsFjjKRNDZtmu8Zupfk0qvnC_pexEPr3kkBtNXo&amp;__tn__=-]K-R\">USAID\/Albania<\/a>, znj. Mischere Kawas, p\u00ebrfaq\u00ebsuesen e <a href=\"https:\/\/www.facebook.com\/UNDPinAlbania?__cft__[0]=AZVG9edgTN5nqygaZMcdnX5hGFnfA450YLVJ951mU5omO1dYeDG3XeYlo927DrLx95TTELZmSmGQUfYqAg1b3D_4Jc9PezFF2uPVWUY5uLq-1qVPS1xv2i4CadZweJ2gRBsljQ5_SuH0miOtbh4Sj3cNnemBzsFjjKRNDZtmu8Zupfk0qvnC_pexEPr3kkBtNXo&amp;__tn__=-]K-R\">UNDP Albania<\/a>, znj. Monica Merino, dhe koleg\u00ebt kryebashkiak\u00eb t\u00eb Lezh\u00ebs e Durr\u00ebsit, ku pat\u00ebm mund\u00ebsin\u00eb t\u00eb diskutonim p\u00ebr hapat e rradh\u00ebs t\u00eb projekteve q\u00eb vijojn\u00eb p\u00ebr ofrimin e sh\u00ebrbimeve p\u00ebr shtresat n\u00eb nevoj\u00eb<img loading=\"lazy\" decoding=\"async\" height=\"16\" width=\"16\" src=\"https:\/\/static.xx.fbcdn.net\/images\/emoji.php\/v9\/tdb\/1.5\/16\/1f1e6_1f1f1.png\" alt=\"\ud83c\udde6\ud83c\uddf1\"><img loading=\"lazy\" decoding=\"async\" height=\"16\" width=\"16\" src=\"https:\/\/static.xx.fbcdn.net\/images\/emoji.php\/v9\/tbd\/1.5\/16\/1f91d.png\" alt=\"\ud83e\udd1d\"><img loading=\"lazy\" decoding=\"async\" height=\"16\" width=\"16\" src=\"https:\/\/static.xx.fbcdn.net\/images\/emoji.php\/v9\/t2c\/1.5\/16\/1f1fa_1f1f8.png\" alt=\"\ud83c\uddfa\ud83c\uddf8\"><\/p>\n","protected":false},"excerpt":{"rendered":"<p>Sot, gjat\u00eb nj\u00eb takimi pune me drejtoresh\u00ebn e zyr\u00ebs USAID\/Albania, znj. Mischere Kawas, p\u00ebrfaq\u00ebsuesen e UNDP Albania, znj. Monica Merino, dhe koleg\u00ebt kryebashkiak\u00eb t\u00eb Lezh\u00ebs e Durr\u00ebsit, ku pat\u00ebm mund\u00ebsin\u00eb t\u00eb diskutonim p\u00ebr hapat e rradh\u00ebs t\u00eb projekteve q\u00eb vijojn\u00eb p\u00ebr ofrimin e sh\u00ebrbimeve p\u00ebr shtresat n\u00eb nevoj\u00eb<\/p>\n","protected":false},"author":1,"featured_media":3990,"comment_status":"open","ping_status":"open","sticky":false,"template":"","format":"standard","meta":{"footnotes":""},"categories":[158],"tags":[],"class_list":["post-3989","post","type-post","status-publish","format-standard","has-post-thumbnail","hentry","category-lajme-nga-kurbini"],"_links":{"self":[{"href":"https:\/\/www.bashkiakurbin.gov.al\/index.php?rest_route=\/wp\/v2\/posts\/3989","targetHints":{"allow":["GET"]}}],"collection":[{"href":"https:\/\/www.bashkiakurbin.gov.al\/index.php?rest_route=\/wp\/v2\/posts"}],"about":[{"href":"https:\/\/www.bashkiakurbin.gov.al\/index.php?rest_route=\/wp\/v2\/types\/post"}],"author":[{"embeddable":true,"href":"https:\/\/www.bashkiakurbin.gov.al\/index.php?rest_route=\/wp\/v2\/users\/1"}],"replies":[{"embeddable":true,"href":"https:\/\/www.bashkiakurbin.gov.al\/index.php?rest_route=%2Fwp%2Fv2%2Fcomments&post=3989"}],"version-history":[{"count":1,"href":"https:\/\/www.bashkiakurbin.gov.al\/index.php?rest_route=\/wp\/v2\/posts\/3989\/revisions"}],"predecessor-version":[{"id":3991,"href":"https:\/\/www.bashkiakurbin.gov.al\/index.php?rest_route=\/wp\/v2\/posts\/3989\/revisions\/3991"}],"wp:featuredmedia":[{"embeddable":true,"href":"https:\/\/www.bashkiakurbin.gov.al\/index.php?rest_route=\/wp\/v2\/media\/3990"}],"wp:attachment":[{"href":"https:\/\/www.bashkiakurbin.gov.al\/index.php?rest_route=%2Fwp%2Fv2%2Fmedia&parent=3989"}],"wp:term":[{"taxonomy":"category","embeddable":true,"href":"https:\/\/www.bashkiakurbin.gov.al\/index.php?rest_route=%2Fwp%2Fv2%2Fcategories&post=3989"},{"taxonomy":"post_tag","embeddable":true,"href":"https:\/\/www.bashkiakurbin.gov.al\/index.php?rest_route=%2Fwp%2Fv2%2Ftags&post=3989"}],"curies":[{"name":"wp","href":"https:\/\/api.w.org\/{rel}","templated":true}]}}