{"id":3984,"date":"2024-02-24T17:44:30","date_gmt":"2024-02-24T17:44:30","guid":{"rendered":"https:\/\/www.bashkiakurbin.gov.al\/?p=3984"},"modified":"2024-02-24T17:44:30","modified_gmt":"2024-02-24T17:44:30","slug":"kenaqesi-e-vecante-takimi-me-perfaqesuesin-e-ri-te-unicef-albania-z-murat-sahin","status":"publish","type":"post","link":"https:\/\/www.bashkiakurbin.gov.al\/?p=3984","title":{"rendered":"K\u00ebnaq\u00ebsi e ve\u00e7ant\u00eb takimi me p\u00ebrfaq\u00ebsuesin e ri t\u00eb UNICEF Albania, z. Murat Sahin"},"content":{"rendered":"\n<p>K\u00ebnaq\u00ebsi e ve\u00e7ant\u00eb takimi me p\u00ebrfaq\u00ebsuesin e ri t\u00eb <a href=\"https:\/\/www.facebook.com\/unicefalbania?__cft__[0]=AZUE0a4rewLXaRCwjyylxIhqsnZZAAyr_wG3bq8r-z1VhbRbG-29Eadx4Xu62d6nItoYjgXDcHz2f6E7_hq9aFhsCS62vAzOvy9mSMK3M9KhfkvPZJqtTljXjvxWlovRnywj2E81funwI_wbClZOTy3jdREoG002jET8iybFiv1NwhlDRP94Q1rPA5cDDbCinT0&amp;__tn__=-]K-R\">UNICEF Albania<\/a>, z. Murat Sahin, me t\u00eb cilin pata mund\u00ebsin\u00eb t\u00eb diskutoja p\u00ebr \u00e7\u00ebshtjet sociale n\u00eb bashkin\u00eb Kurbin, vendosjen e urave t\u00eb bashk\u00ebpunimit mes nesh e fokusimin n\u00eb zhvillimin dhe t\u00eb drejtat e f\u00ebmij\u00ebve<\/p>\n\n\n\n<figure class=\"wp-block-gallery has-nested-images columns-default is-cropped wp-block-gallery-1 is-layout-flex wp-block-gallery-is-layout-flex\">\n<figure class=\"wp-block-image size-large\"><img loading=\"lazy\" decoding=\"async\" width=\"1024\" height=\"768\" data-id=\"3985\" src=\"https:\/\/www.bashkiakurbin.gov.al\/wp-content\/uploads\/2024\/02\/392871384_871691144972704_6910210442808873579_n-1024x768.jpg\" alt=\"\" class=\"wp-image-3985\" srcset=\"https:\/\/www.bashkiakurbin.gov.al\/wp-content\/uploads\/2024\/02\/392871384_871691144972704_6910210442808873579_n-1024x768.jpg 1024w, https:\/\/www.bashkiakurbin.gov.al\/wp-content\/uploads\/2024\/02\/392871384_871691144972704_6910210442808873579_n-300x225.jpg 300w, https:\/\/www.bashkiakurbin.gov.al\/wp-content\/uploads\/2024\/02\/392871384_871691144972704_6910210442808873579_n-768x576.jpg 768w, https:\/\/www.bashkiakurbin.gov.al\/wp-content\/uploads\/2024\/02\/392871384_871691144972704_6910210442808873579_n.jpg 1445w\" sizes=\"auto, (max-width: 1024px) 100vw, 1024px\" \/><\/figure>\n\n\n\n<figure class=\"wp-block-image size-large\"><img loading=\"lazy\" decoding=\"async\" width=\"1024\" height=\"768\" data-id=\"3986\" src=\"https:\/\/www.bashkiakurbin.gov.al\/wp-content\/uploads\/2024\/02\/428612901_871691108306041_6782167418541250370_n-1024x768.jpg\" alt=\"\" class=\"wp-image-3986\" srcset=\"https:\/\/www.bashkiakurbin.gov.al\/wp-content\/uploads\/2024\/02\/428612901_871691108306041_6782167418541250370_n-1024x768.jpg 1024w, https:\/\/www.bashkiakurbin.gov.al\/wp-content\/uploads\/2024\/02\/428612901_871691108306041_6782167418541250370_n-300x225.jpg 300w, https:\/\/www.bashkiakurbin.gov.al\/wp-content\/uploads\/2024\/02\/428612901_871691108306041_6782167418541250370_n-768x576.jpg 768w, https:\/\/www.bashkiakurbin.gov.al\/wp-content\/uploads\/2024\/02\/428612901_871691108306041_6782167418541250370_n.jpg 1280w\" sizes=\"auto, (max-width: 1024px) 100vw, 1024px\" \/><\/figure>\n<\/figure>\n","protected":false},"excerpt":{"rendered":"<p>K\u00ebnaq\u00ebsi e ve\u00e7ant\u00eb takimi me p\u00ebrfaq\u00ebsuesin e ri t\u00eb UNICEF Albania, z. Murat Sahin, me t\u00eb cilin pata mund\u00ebsin\u00eb t\u00eb diskutoja p\u00ebr \u00e7\u00ebshtjet sociale n\u00eb bashkin\u00eb Kurbin, vendosjen e urave t\u00eb bashk\u00ebpunimit mes nesh e fokusimin n\u00eb zhvillimin dhe t\u00eb drejtat e f\u00ebmij\u00ebve<\/p>\n","protected":false},"author":1,"featured_media":3987,"comment_status":"open","ping_status":"open","sticky":false,"template":"","format":"standard","meta":{"footnotes":""},"categories":[158],"tags":[],"class_list":["post-3984","post","type-post","status-publish","format-standard","has-post-thumbnail","hentry","category-lajme-nga-kurbini"],"_links":{"self":[{"href":"https:\/\/www.bashkiakurbin.gov.al\/index.php?rest_route=\/wp\/v2\/posts\/3984","targetHints":{"allow":["GET"]}}],"collection":[{"href":"https:\/\/www.bashkiakurbin.gov.al\/index.php?rest_route=\/wp\/v2\/posts"}],"about":[{"href":"https:\/\/www.bashkiakurbin.gov.al\/index.php?rest_route=\/wp\/v2\/types\/post"}],"author":[{"embeddable":true,"href":"https:\/\/www.bashkiakurbin.gov.al\/index.php?rest_route=\/wp\/v2\/users\/1"}],"replies":[{"embeddable":true,"href":"https:\/\/www.bashkiakurbin.gov.al\/index.php?rest_route=%2Fwp%2Fv2%2Fcomments&post=3984"}],"version-history":[{"count":1,"href":"https:\/\/www.bashkiakurbin.gov.al\/index.php?rest_route=\/wp\/v2\/posts\/3984\/revisions"}],"predecessor-version":[{"id":3988,"href":"https:\/\/www.bashkiakurbin.gov.al\/index.php?rest_route=\/wp\/v2\/posts\/3984\/revisions\/3988"}],"wp:featuredmedia":[{"embeddable":true,"href":"https:\/\/www.bashkiakurbin.gov.al\/index.php?rest_route=\/wp\/v2\/media\/3987"}],"wp:attachment":[{"href":"https:\/\/www.bashkiakurbin.gov.al\/index.php?rest_route=%2Fwp%2Fv2%2Fmedia&parent=3984"}],"wp:term":[{"taxonomy":"category","embeddable":true,"href":"https:\/\/www.bashkiakurbin.gov.al\/index.php?rest_route=%2Fwp%2Fv2%2Fcategories&post=3984"},{"taxonomy":"post_tag","embeddable":true,"href":"https:\/\/www.bashkiakurbin.gov.al\/index.php?rest_route=%2Fwp%2Fv2%2Ftags&post=3984"}],"curies":[{"name":"wp","href":"https:\/\/api.w.org\/{rel}","templated":true}]}}