{"id":3909,"date":"2024-01-29T21:23:25","date_gmt":"2024-01-29T21:23:25","guid":{"rendered":"https:\/\/www.bashkiakurbin.gov.al\/?p=3909"},"modified":"2024-01-29T21:23:25","modified_gmt":"2024-01-29T21:23:25","slug":"trajnimi-i-aktoreve-vendore-mbi-planin-e-vendor-te-veprimit-te-eficences-se-energjise","status":"publish","type":"post","link":"https:\/\/www.bashkiakurbin.gov.al\/?p=3909","title":{"rendered":"TRAJNIMI I AKTOR\u00cbVE VENDOR\u00cb MBI PLANIN E VENDOR T\u00cb VEPRIMIT T\u00cb EFI\u00c7ENC\u00cbS S\u00cb ENERGJIS\u00cb"},"content":{"rendered":"\n<p>Me dat\u00eb 23.01.2024 u realizua trajnimi i radh\u00ebs me p\u00ebrfaq\u00ebsues t\u00eb biznesit, shoq\u00ebris\u00eb civile, medias dhe aktor\u00ebve t\u00eb tjer\u00eb n\u00eb Kurbin. Trajnimi nga eksperti Ergi Kadiu synon t\u00eb informoj\u00eb dhe nd\u00ebrgjegj\u00ebsoj\u00eb aktor\u00ebt vendor\u00eb mbi mund\u00ebsit\u00eb dhe p\u00ebrfitimet n\u00eb funksion t\u00eb p\u00ebrfshirjes s\u00eb tyre si pjes\u00ebmarr\u00ebs aktiv\u00eb p\u00ebr zbatimin e Planit Vendor t\u00eb Veprimit p\u00ebr Efi\u00e7ienc\u00ebn e Energjis\u00eb n\u00eb Kurbin.<\/p>\n\n\n\n<p>Pjes\u00ebmarr\u00ebsit, kryesisht p\u00ebrfaq\u00ebsues t\u00eb biznesit prodhues dhe t\u00eb sh\u00ebrbimeve n\u00eb zon\u00eb, shpreh\u00ebn vullnetin e tyre p\u00ebr t\u00eb investuar n\u00eb panele diellore pran\u00eb bizneseve t\u00eb tyre p\u00ebr t\u00eb reduktuar kostot e energjis\u00eb dhe orientuar drejt burimeve t\u00eb energjis\u00eb s\u00eb rinovueshme.<\/p>\n\n\n\n<p>Planin Vendor t\u00eb Veprimit t\u00eb Efi\u00e7enc\u00ebs s\u00eb Energjis\u00eb t\u00eb Bashkis\u00eb Kurbin mund ta konsultoni n\u00eb:<\/p>\n\n\n\n<figure class=\"wp-block-embed\"><div class=\"wp-block-embed__wrapper\">\nhttps:\/\/nrg.asp.al\/publications\n<\/div><\/figure>\n\n\n\n<p><strong><em>Ky projekt zbatohet nga <\/em><\/strong><a href=\"https:\/\/www.facebook.com\/hashtag\/asp?__eep__=6&amp;__cft__%5b0%5d=AZW7kLwKhq16kieyh0Gfq48ejm1SErQIXd6IOz4owFVglcacalRAmYSLxEUDPnElpUuGGYNXY0f69GXcFEThjjxrDxBJGP5JsWAdLpXWh74DyJmKzMhqpTHrOfJUMqTU2cl4XDu6lI12mtt_5hq_RKiqnxAxiKr5RQFMpyYXPZ7guxnR7p2Z3_lhXqT203a4Ad2ud4WOE6YVdUCQmjfPIMjL&amp;__tn__=*NK-R\"><strong><em>#ASP<\/em><\/strong><\/a><strong><em> n\u00eb bashk\u00ebpunim me Institutin e Prishtin\u00ebs p\u00ebr Studime Politike <\/em><\/strong><a href=\"https:\/\/www.facebook.com\/hashtag\/pips?__eep__=6&amp;__cft__%5b0%5d=AZW7kLwKhq16kieyh0Gfq48ejm1SErQIXd6IOz4owFVglcacalRAmYSLxEUDPnElpUuGGYNXY0f69GXcFEThjjxrDxBJGP5JsWAdLpXWh74DyJmKzMhqpTHrOfJUMqTU2cl4XDu6lI12mtt_5hq_RKiqnxAxiKr5RQFMpyYXPZ7guxnR7p2Z3_lhXqT203a4Ad2ud4WOE6YVdUCQmjfPIMjL&amp;__tn__=*NK-R\"><strong><em>#PIPS<\/em><\/strong><\/a><strong><em> dhe Bashka Kurbin dhe <\/em><\/strong><a href=\"https:\/\/www.facebook.com\/hashtag\/komunasuharek%C3%AB?__eep__=6&amp;__cft__%5b0%5d=AZW7kLwKhq16kieyh0Gfq48ejm1SErQIXd6IOz4owFVglcacalRAmYSLxEUDPnElpUuGGYNXY0f69GXcFEThjjxrDxBJGP5JsWAdLpXWh74DyJmKzMhqpTHrOfJUMqTU2cl4XDu6lI12mtt_5hq_RKiqnxAxiKr5RQFMpyYXPZ7guxnR7p2Z3_lhXqT203a4Ad2ud4WOE6YVdUCQmjfPIMjL&amp;__tn__=*NK-R\"><strong><em>Komuna Suharek\u00eb<\/em><\/strong><\/a><strong><em> me financimin e programit Nd\u00ebrkufitar Shqip\u00ebri \u2013 Kosov\u00eb t\u00eb Instrumentit t\u00eb Paraaderimit IPA II t\u00eb Bashkimit Evropian.<\/em><\/strong><\/p>\n\n\n\n<p><a href=\"https:\/\/www.facebook.com\/hashtag\/ipacrossbordercooperationprogrammealbaniakosovo?__eep__=6&amp;__cft__%5b0%5d=AZW7kLwKhq16kieyh0Gfq48ejm1SErQIXd6IOz4owFVglcacalRAmYSLxEUDPnElpUuGGYNXY0f69GXcFEThjjxrDxBJGP5JsWAdLpXWh74DyJmKzMhqpTHrOfJUMqTU2cl4XDu6lI12mtt_5hq_RKiqnxAxiKr5RQFMpyYXPZ7guxnR7p2Z3_lhXqT203a4Ad2ud4WOE6YVdUCQmjfPIMjL&amp;__tn__=*NK-R\">#IPACrossBorderCooperationProgrammeAlbaniaKosovo<\/a><\/p>\n\n\n\n<p><a href=\"https:\/\/www.facebook.com\/hashtag\/europeanunioninalbania?__eep__=6&amp;__cft__%5b0%5d=AZW7kLwKhq16kieyh0Gfq48ejm1SErQIXd6IOz4owFVglcacalRAmYSLxEUDPnElpUuGGYNXY0f69GXcFEThjjxrDxBJGP5JsWAdLpXWh74DyJmKzMhqpTHrOfJUMqTU2cl4XDu6lI12mtt_5hq_RKiqnxAxiKr5RQFMpyYXPZ7guxnR7p2Z3_lhXqT203a4Ad2ud4WOE6YVdUCQmjfPIMjL&amp;__tn__=*NK-R\">#EuropeanUnioninAlbania<\/a><\/p>\n\n\n\n<p>#<a href=\"https:\/\/www.facebook.com\/ShkollaShqiptareeStudimevePolitike?__cft__%5b0%5d=AZW7kLwKhq16kieyh0Gfq48ejm1SErQIXd6IOz4owFVglcacalRAmYSLxEUDPnElpUuGGYNXY0f69GXcFEThjjxrDxBJGP5JsWAdLpXWh74DyJmKzMhqpTHrOfJUMqTU2cl4XDu6lI12mtt_5hq_RKiqnxAxiKr5RQFMpyYXPZ7guxnR7p2Z3_lhXqT203a4Ad2ud4WOE6YVdUCQmjfPIMjL&amp;__tn__=-%5dK-R\">Akademia e Studimeve Politike<\/a><\/p>\n\n\n\n<p>#<a href=\"https:\/\/www.facebook.com\/pips2004?__cft__%5b0%5d=AZW7kLwKhq16kieyh0Gfq48ejm1SErQIXd6IOz4owFVglcacalRAmYSLxEUDPnElpUuGGYNXY0f69GXcFEThjjxrDxBJGP5JsWAdLpXWh74DyJmKzMhqpTHrOfJUMqTU2cl4XDu6lI12mtt_5hq_RKiqnxAxiKr5RQFMpyYXPZ7guxnR7p2Z3_lhXqT203a4Ad2ud4WOE6YVdUCQmjfPIMjL&amp;__tn__=-%5dK-R\">Prishtina Institute for Political Studies &#8211; PIPS<\/a>S<\/p>\n\n\n\n<p><a href=\"https:\/\/www.facebook.com\/hashtag\/bashkiakurbin?__eep__=6&amp;__cft__%5b0%5d=AZW7kLwKhq16kieyh0Gfq48ejm1SErQIXd6IOz4owFVglcacalRAmYSLxEUDPnElpUuGGYNXY0f69GXcFEThjjxrDxBJGP5JsWAdLpXWh74DyJmKzMhqpTHrOfJUMqTU2cl4XDu6lI12mtt_5hq_RKiqnxAxiKr5RQFMpyYXPZ7guxnR7p2Z3_lhXqT203a4Ad2ud4WOE6YVdUCQmjfPIMjL&amp;__tn__=*NK-R\">#BashkiaKurbin<\/a><a href=\"https:\/\/www.facebook.com\/hashtag\/komunasuharek%C3%AB?__eep__=6&amp;__cft__%5b0%5d=AZW7kLwKhq16kieyh0Gfq48ejm1SErQIXd6IOz4owFVglcacalRAmYSLxEUDPnElpUuGGYNXY0f69GXcFEThjjxrDxBJGP5JsWAdLpXWh74DyJmKzMhqpTHrOfJUMqTU2cl4XDu6lI12mtt_5hq_RKiqnxAxiKr5RQFMpyYXPZ7guxnR7p2Z3_lhXqT203a4Ad2ud4WOE6YVdUCQmjfPIMjL&amp;__tn__=*NK-R\">#KomunaSuharek\u00eb<\/a><\/p>\n\n\n\n<figure class=\"wp-block-gallery has-nested-images columns-default is-cropped wp-block-gallery-1 is-layout-flex wp-block-gallery-is-layout-flex\">\n<figure class=\"wp-block-image size-large\"><img loading=\"lazy\" decoding=\"async\" width=\"1024\" height=\"806\" data-id=\"3911\" src=\"https:\/\/www.bashkiakurbin.gov.al\/wp-content\/uploads\/2024\/01\/image006-1024x806.jpg\" alt=\"\" class=\"wp-image-3911\" srcset=\"https:\/\/www.bashkiakurbin.gov.al\/wp-content\/uploads\/2024\/01\/image006-1024x806.jpg 1024w, https:\/\/www.bashkiakurbin.gov.al\/wp-content\/uploads\/2024\/01\/image006-300x236.jpg 300w, https:\/\/www.bashkiakurbin.gov.al\/wp-content\/uploads\/2024\/01\/image006-768x604.jpg 768w, https:\/\/www.bashkiakurbin.gov.al\/wp-content\/uploads\/2024\/01\/image006.jpg 1379w\" sizes=\"auto, (max-width: 1024px) 100vw, 1024px\" \/><\/figure>\n\n\n\n<figure class=\"wp-block-image size-large\"><img loading=\"lazy\" decoding=\"async\" width=\"1024\" height=\"743\" data-id=\"3912\" src=\"https:\/\/www.bashkiakurbin.gov.al\/wp-content\/uploads\/2024\/01\/image007-1024x743.jpg\" alt=\"\" class=\"wp-image-3912\" srcset=\"https:\/\/www.bashkiakurbin.gov.al\/wp-content\/uploads\/2024\/01\/image007-1024x743.jpg 1024w, https:\/\/www.bashkiakurbin.gov.al\/wp-content\/uploads\/2024\/01\/image007-300x218.jpg 300w, https:\/\/www.bashkiakurbin.gov.al\/wp-content\/uploads\/2024\/01\/image007-768x557.jpg 768w, https:\/\/www.bashkiakurbin.gov.al\/wp-content\/uploads\/2024\/01\/image007.jpg 1379w\" sizes=\"auto, (max-width: 1024px) 100vw, 1024px\" \/><\/figure>\n<\/figure>\n","protected":false},"excerpt":{"rendered":"<p>Me dat\u00eb 23.01.2024 u realizua trajnimi i radh\u00ebs me p\u00ebrfaq\u00ebsues t\u00eb biznesit, shoq\u00ebris\u00eb civile, medias dhe aktor\u00ebve t\u00eb tjer\u00eb n\u00eb Kurbin. Trajnimi nga eksperti Ergi Kadiu synon t\u00eb informoj\u00eb dhe nd\u00ebrgjegj\u00ebsoj\u00eb aktor\u00ebt vendor\u00eb mbi mund\u00ebsit\u00eb dhe p\u00ebrfitimet n\u00eb funksion t\u00eb p\u00ebrfshirjes s\u00eb tyre si pjes\u00ebmarr\u00ebs aktiv\u00eb p\u00ebr zbatimin e Planit Vendor t\u00eb Veprimit p\u00ebr Efi\u00e7ienc\u00ebn [&hellip;]<\/p>\n","protected":false},"author":1,"featured_media":3910,"comment_status":"open","ping_status":"open","sticky":false,"template":"","format":"standard","meta":{"footnotes":""},"categories":[179],"tags":[],"class_list":["post-3909","post","type-post","status-publish","format-standard","has-post-thumbnail","hentry","category-projekte-dhe-aktivitete"],"_links":{"self":[{"href":"https:\/\/www.bashkiakurbin.gov.al\/index.php?rest_route=\/wp\/v2\/posts\/3909","targetHints":{"allow":["GET"]}}],"collection":[{"href":"https:\/\/www.bashkiakurbin.gov.al\/index.php?rest_route=\/wp\/v2\/posts"}],"about":[{"href":"https:\/\/www.bashkiakurbin.gov.al\/index.php?rest_route=\/wp\/v2\/types\/post"}],"author":[{"embeddable":true,"href":"https:\/\/www.bashkiakurbin.gov.al\/index.php?rest_route=\/wp\/v2\/users\/1"}],"replies":[{"embeddable":true,"href":"https:\/\/www.bashkiakurbin.gov.al\/index.php?rest_route=%2Fwp%2Fv2%2Fcomments&post=3909"}],"version-history":[{"count":1,"href":"https:\/\/www.bashkiakurbin.gov.al\/index.php?rest_route=\/wp\/v2\/posts\/3909\/revisions"}],"predecessor-version":[{"id":3913,"href":"https:\/\/www.bashkiakurbin.gov.al\/index.php?rest_route=\/wp\/v2\/posts\/3909\/revisions\/3913"}],"wp:featuredmedia":[{"embeddable":true,"href":"https:\/\/www.bashkiakurbin.gov.al\/index.php?rest_route=\/wp\/v2\/media\/3910"}],"wp:attachment":[{"href":"https:\/\/www.bashkiakurbin.gov.al\/index.php?rest_route=%2Fwp%2Fv2%2Fmedia&parent=3909"}],"wp:term":[{"taxonomy":"category","embeddable":true,"href":"https:\/\/www.bashkiakurbin.gov.al\/index.php?rest_route=%2Fwp%2Fv2%2Fcategories&post=3909"},{"taxonomy":"post_tag","embeddable":true,"href":"https:\/\/www.bashkiakurbin.gov.al\/index.php?rest_route=%2Fwp%2Fv2%2Ftags&post=3909"}],"curies":[{"name":"wp","href":"https:\/\/api.w.org\/{rel}","templated":true}]}}