{"id":3389,"date":"2023-11-22T18:40:20","date_gmt":"2023-11-22T18:40:20","guid":{"rendered":"https:\/\/www.bashkiakurbin.gov.al\/?p=3389"},"modified":"2023-12-09T18:19:57","modified_gmt":"2023-12-09T18:19:57","slug":"delegacioni-i-bashkimit-europian-ne-shqiperi-hapi-fushaten-e-rrugetimit-te-gjelber-ne-kurbin","status":"publish","type":"post","link":"https:\/\/www.bashkiakurbin.gov.al\/?p=3389","title":{"rendered":"Delegacioni i Bashkimit Europian n\u00eb Shqip\u00ebri hapi fushat\u00ebn e Rrug\u00ebtimit t\u00eb Gjelb\u00ebr n\u00eb Kurbin"},"content":{"rendered":"\n<p>Dit\u00ebn e Pastrimit t\u00eb Lumenjve n\u00eb Kurbin<br>Delegacioni i Bashkimit Europian n\u00eb Shqip\u00ebri hapi fushat\u00ebn e Rrug\u00ebtimit t\u00eb Gjelb\u00ebr n\u00eb Kurbin. Kjo fushat\u00eb u \u00e7el me lugin\u00ebn e lumit Mat, ku me kontributin e ekipit #Evropa, student\u00eb, shoq\u00ebrin\u00eb civile dhe stafin e bashkis\u00eb pastruam sasi t\u00eb konsiderueshme mbetjesh. Nj\u00eb grup prej 100 vet\u00ebsh mblodhi thuajse 1 ton mbetje urbane t\u00eb cilat tani jan\u00eb larguar nga brigjet e k\u00ebtij lumi. Sfida t\u00eb r\u00ebnd\u00ebsishme jan\u00eb p\u00ebrpara dhe roli i secilit prej nesh si komunitet \u00ebsht\u00eb mjaft i r\u00ebnd\u00ebsish\u00ebm n\u00eb ruajtjen e burimeve natyrore dhe biodiversitetit. Kjo nism\u00eb p\u00ebrkon edhe me 18 n\u00ebntorin, Dit\u00ebn e Pastrimit t\u00eb Lumenjve.<br>M\u00eb pas Ekipi #Europa u ndal n\u00eb Bashkin\u00eb Kurbin ku diskutuam rreth \u201cNd\u00ebrtimit t\u00eb nj\u00eb t\u00eb ardhmeje t\u00eb q\u00ebndrueshme mjedisore\u201d. Eksploruam pasojat e gjera t\u00eb ndotjes n\u00eb ekosistemet dhe sh\u00ebndetin e njeriut, duke hedhur drit\u00eb mbi rolet vendimtare t\u00eb individ\u00ebve, bizneseve dhe qeverive n\u00eb trajtimin e k\u00ebsaj \u00e7\u00ebshtjeje urgjente. Kryetarja e Bashkis\u00eb, Zj Cara, theksoi se Kurbini ka nj\u00eb ekosistem shum\u00eb t\u00eb larmish\u00ebm, me lumenjt\u00eb, lagun\u00ebn, bregdetin, malet e bekuara, por p\u00ebrballet m\u00eb nj\u00eb sfid\u00eb t\u00eb madhe duke qen\u00eb nj\u00eb nyj\u00eb tejet e r\u00ebnd\u00ebsishme transporti\u201d.<br>T\u00eb gjith\u00eb ram\u00eb dakort se rivendosja e biodiversitetit, mbrojtja e burimeve natyrore dhe fuqizimi i qytetar\u00ebve jan\u00eb thelb\u00ebsore p\u00ebr Bashkimit Evropian por edhe n\u00eb krye t\u00eb axhend\u00ebs s\u00eb Bashkis\u00eb Kurbin. \u201cEvropa \u00ebsht\u00eb k\u00ebtu p\u00ebr t\u00eb nxitur bisedimet p\u00ebr ta sjell\u00eb Marr\u00ebveshjen e Gjelb\u00ebr Evropiane n\u00eb Shqip\u00ebri\u201d, tha i Ngarkuari me Pun\u00eb i BE-s\u00eb n\u00eb Shqip\u00ebri, Andr\u00e9 Rizzo.<br>Aktivitetet e k\u00ebsaj dit\u00eb u p\u00ebrmbyll\u00ebn me nj\u00eb koncert t\u00eb hapur p\u00ebr publikun n\u00eb sheshin \u201cGjin Pjetri\u201d n\u00eb La\u00e7.<\/p>\n\n\n\n<figure class=\"wp-block-gallery has-nested-images columns-3 is-cropped wp-block-gallery-1 is-layout-flex wp-block-gallery-is-layout-flex\">\n<figure class=\"wp-block-image size-large\"><img loading=\"lazy\" decoding=\"async\" width=\"693\" height=\"1024\" data-id=\"3392\" src=\"https:\/\/www.bashkiakurbin.gov.al\/wp-content\/uploads\/2023\/11\/404006650_811601257648360_281927412749211225_n-693x1024.jpg\" alt=\"\" class=\"wp-image-3392\" srcset=\"https:\/\/www.bashkiakurbin.gov.al\/wp-content\/uploads\/2023\/11\/404006650_811601257648360_281927412749211225_n-693x1024.jpg 693w, https:\/\/www.bashkiakurbin.gov.al\/wp-content\/uploads\/2023\/11\/404006650_811601257648360_281927412749211225_n-203x300.jpg 203w, https:\/\/www.bashkiakurbin.gov.al\/wp-content\/uploads\/2023\/11\/404006650_811601257648360_281927412749211225_n-768x1135.jpg 768w, https:\/\/www.bashkiakurbin.gov.al\/wp-content\/uploads\/2023\/11\/404006650_811601257648360_281927412749211225_n-1039x1536.jpg 1039w, https:\/\/www.bashkiakurbin.gov.al\/wp-content\/uploads\/2023\/11\/404006650_811601257648360_281927412749211225_n.jpg 1058w\" sizes=\"auto, (max-width: 693px) 100vw, 693px\" \/><\/figure>\n\n\n\n<figure class=\"wp-block-image size-large\"><img loading=\"lazy\" decoding=\"async\" width=\"1024\" height=\"678\" data-id=\"3391\" src=\"https:\/\/www.bashkiakurbin.gov.al\/wp-content\/uploads\/2023\/11\/404016920_811601487648337_668876885891712847_n-1-1024x678.jpg\" alt=\"\" class=\"wp-image-3391\" srcset=\"https:\/\/www.bashkiakurbin.gov.al\/wp-content\/uploads\/2023\/11\/404016920_811601487648337_668876885891712847_n-1-1024x678.jpg 1024w, https:\/\/www.bashkiakurbin.gov.al\/wp-content\/uploads\/2023\/11\/404016920_811601487648337_668876885891712847_n-1-300x199.jpg 300w, https:\/\/www.bashkiakurbin.gov.al\/wp-content\/uploads\/2023\/11\/404016920_811601487648337_668876885891712847_n-1-768x508.jpg 768w, https:\/\/www.bashkiakurbin.gov.al\/wp-content\/uploads\/2023\/11\/404016920_811601487648337_668876885891712847_n-1-1536x1017.jpg 1536w, https:\/\/www.bashkiakurbin.gov.al\/wp-content\/uploads\/2023\/11\/404016920_811601487648337_668876885891712847_n-1.jpg 1600w\" sizes=\"auto, (max-width: 1024px) 100vw, 1024px\" \/><\/figure>\n\n\n\n<figure class=\"wp-block-image size-large\"><img loading=\"lazy\" decoding=\"async\" width=\"1024\" height=\"683\" data-id=\"3393\" src=\"https:\/\/www.bashkiakurbin.gov.al\/wp-content\/uploads\/2023\/11\/404183578_811601067648379_3675650930782697012_n-1024x683.jpg\" alt=\"\" class=\"wp-image-3393\" srcset=\"https:\/\/www.bashkiakurbin.gov.al\/wp-content\/uploads\/2023\/11\/404183578_811601067648379_3675650930782697012_n-1024x683.jpg 1024w, https:\/\/www.bashkiakurbin.gov.al\/wp-content\/uploads\/2023\/11\/404183578_811601067648379_3675650930782697012_n-300x200.jpg 300w, https:\/\/www.bashkiakurbin.gov.al\/wp-content\/uploads\/2023\/11\/404183578_811601067648379_3675650930782697012_n-768x512.jpg 768w, https:\/\/www.bashkiakurbin.gov.al\/wp-content\/uploads\/2023\/11\/404183578_811601067648379_3675650930782697012_n-1536x1025.jpg 1536w, https:\/\/www.bashkiakurbin.gov.al\/wp-content\/uploads\/2023\/11\/404183578_811601067648379_3675650930782697012_n.jpg 2048w\" sizes=\"auto, (max-width: 1024px) 100vw, 1024px\" \/><\/figure>\n\n\n\n<figure class=\"wp-block-image size-large\"><img loading=\"lazy\" decoding=\"async\" width=\"1024\" height=\"678\" data-id=\"3394\" src=\"https:\/\/www.bashkiakurbin.gov.al\/wp-content\/uploads\/2023\/11\/404227907_811601334315019_7906070123076316090_n-1024x678.jpg\" alt=\"\" class=\"wp-image-3394\" srcset=\"https:\/\/www.bashkiakurbin.gov.al\/wp-content\/uploads\/2023\/11\/404227907_811601334315019_7906070123076316090_n-1024x678.jpg 1024w, https:\/\/www.bashkiakurbin.gov.al\/wp-content\/uploads\/2023\/11\/404227907_811601334315019_7906070123076316090_n-300x199.jpg 300w, https:\/\/www.bashkiakurbin.gov.al\/wp-content\/uploads\/2023\/11\/404227907_811601334315019_7906070123076316090_n-768x508.jpg 768w, https:\/\/www.bashkiakurbin.gov.al\/wp-content\/uploads\/2023\/11\/404227907_811601334315019_7906070123076316090_n-1536x1017.jpg 1536w, https:\/\/www.bashkiakurbin.gov.al\/wp-content\/uploads\/2023\/11\/404227907_811601334315019_7906070123076316090_n.jpg 1600w\" sizes=\"auto, (max-width: 1024px) 100vw, 1024px\" \/><\/figure>\n\n\n\n<figure class=\"wp-block-image size-large\"><img loading=\"lazy\" decoding=\"async\" width=\"1024\" height=\"680\" data-id=\"3396\" src=\"https:\/\/www.bashkiakurbin.gov.al\/wp-content\/uploads\/2023\/11\/404164476_811628537645632_2179713516758640899_n-1-1024x680.jpg\" alt=\"\" class=\"wp-image-3396\" srcset=\"https:\/\/www.bashkiakurbin.gov.al\/wp-content\/uploads\/2023\/11\/404164476_811628537645632_2179713516758640899_n-1-1024x680.jpg 1024w, https:\/\/www.bashkiakurbin.gov.al\/wp-content\/uploads\/2023\/11\/404164476_811628537645632_2179713516758640899_n-1-300x199.jpg 300w, https:\/\/www.bashkiakurbin.gov.al\/wp-content\/uploads\/2023\/11\/404164476_811628537645632_2179713516758640899_n-1-768x510.jpg 768w, https:\/\/www.bashkiakurbin.gov.al\/wp-content\/uploads\/2023\/11\/404164476_811628537645632_2179713516758640899_n-1-1536x1020.jpg 1536w, https:\/\/www.bashkiakurbin.gov.al\/wp-content\/uploads\/2023\/11\/404164476_811628537645632_2179713516758640899_n-1.jpg 1600w\" sizes=\"auto, (max-width: 1024px) 100vw, 1024px\" \/><\/figure>\n\n\n\n<figure class=\"wp-block-image size-large\"><img loading=\"lazy\" decoding=\"async\" width=\"1024\" height=\"680\" data-id=\"3395\" src=\"https:\/\/www.bashkiakurbin.gov.al\/wp-content\/uploads\/2023\/11\/403852951_811628567645629_6138376537279195855_n-1024x680.jpg\" alt=\"\" class=\"wp-image-3395\" srcset=\"https:\/\/www.bashkiakurbin.gov.al\/wp-content\/uploads\/2023\/11\/403852951_811628567645629_6138376537279195855_n-1024x680.jpg 1024w, https:\/\/www.bashkiakurbin.gov.al\/wp-content\/uploads\/2023\/11\/403852951_811628567645629_6138376537279195855_n-300x199.jpg 300w, https:\/\/www.bashkiakurbin.gov.al\/wp-content\/uploads\/2023\/11\/403852951_811628567645629_6138376537279195855_n-768x510.jpg 768w, https:\/\/www.bashkiakurbin.gov.al\/wp-content\/uploads\/2023\/11\/403852951_811628567645629_6138376537279195855_n-1536x1020.jpg 1536w, https:\/\/www.bashkiakurbin.gov.al\/wp-content\/uploads\/2023\/11\/403852951_811628567645629_6138376537279195855_n.jpg 1600w\" sizes=\"auto, (max-width: 1024px) 100vw, 1024px\" \/><\/figure>\n<\/figure>\n","protected":false},"excerpt":{"rendered":"<p>Dit\u00ebn e Pastrimit t\u00eb Lumenjve n\u00eb KurbinDelegacioni i Bashkimit Europian n\u00eb Shqip\u00ebri hapi fushat\u00ebn e Rrug\u00ebtimit t\u00eb Gjelb\u00ebr n\u00eb Kurbin. Kjo fushat\u00eb u \u00e7el me lugin\u00ebn e lumit Mat, ku me kontributin e ekipit #Evropa, student\u00eb, shoq\u00ebrin\u00eb civile dhe stafin e bashkis\u00eb pastruam sasi t\u00eb konsiderueshme mbetjesh. Nj\u00eb grup prej 100 vet\u00ebsh mblodhi thuajse 1 [&hellip;]<\/p>\n","protected":false},"author":1,"featured_media":3393,"comment_status":"open","ping_status":"open","sticky":false,"template":"","format":"standard","meta":{"footnotes":""},"categories":[158],"tags":[],"class_list":["post-3389","post","type-post","status-publish","format-standard","has-post-thumbnail","hentry","category-lajme-nga-kurbini"],"_links":{"self":[{"href":"https:\/\/www.bashkiakurbin.gov.al\/index.php?rest_route=\/wp\/v2\/posts\/3389","targetHints":{"allow":["GET"]}}],"collection":[{"href":"https:\/\/www.bashkiakurbin.gov.al\/index.php?rest_route=\/wp\/v2\/posts"}],"about":[{"href":"https:\/\/www.bashkiakurbin.gov.al\/index.php?rest_route=\/wp\/v2\/types\/post"}],"author":[{"embeddable":true,"href":"https:\/\/www.bashkiakurbin.gov.al\/index.php?rest_route=\/wp\/v2\/users\/1"}],"replies":[{"embeddable":true,"href":"https:\/\/www.bashkiakurbin.gov.al\/index.php?rest_route=%2Fwp%2Fv2%2Fcomments&post=3389"}],"version-history":[{"count":2,"href":"https:\/\/www.bashkiakurbin.gov.al\/index.php?rest_route=\/wp\/v2\/posts\/3389\/revisions"}],"predecessor-version":[{"id":3399,"href":"https:\/\/www.bashkiakurbin.gov.al\/index.php?rest_route=\/wp\/v2\/posts\/3389\/revisions\/3399"}],"wp:featuredmedia":[{"embeddable":true,"href":"https:\/\/www.bashkiakurbin.gov.al\/index.php?rest_route=\/wp\/v2\/media\/3393"}],"wp:attachment":[{"href":"https:\/\/www.bashkiakurbin.gov.al\/index.php?rest_route=%2Fwp%2Fv2%2Fmedia&parent=3389"}],"wp:term":[{"taxonomy":"category","embeddable":true,"href":"https:\/\/www.bashkiakurbin.gov.al\/index.php?rest_route=%2Fwp%2Fv2%2Fcategories&post=3389"},{"taxonomy":"post_tag","embeddable":true,"href":"https:\/\/www.bashkiakurbin.gov.al\/index.php?rest_route=%2Fwp%2Fv2%2Ftags&post=3389"}],"curies":[{"name":"wp","href":"https:\/\/api.w.org\/{rel}","templated":true}]}}